{"id":10473,"date":"2019-12-20T10:56:13","date_gmt":"2019-12-20T09:56:13","guid":{"rendered":"https:\/\/www.santegidio.be\/?p=10473"},"modified":"2020-03-17T12:14:57","modified_gmt":"2020-03-17T11:14:57","slug":"couloirs-humanitaires-santegidio-dresse-un-premier-bilan","status":"publish","type":"post","link":"https:\/\/www.santegidio.be\/fr\/couloirs-humanitaires-santegidio-dresse-un-premier-bilan\/","title":{"rendered":"Couloirs humanitaires : Sant\u2019Egidio dresse un premier bilan"},"content":{"rendered":"<h4><em>Port\u00e9 par la Communaut\u00e9 Sant\u2019Egidio, le dispositif de solidarit\u00e9 international se d\u00e9veloppe en Europe. Une premi\u00e8re \u00e9valuation des\u00a0couloirs humanitaires\u00a0a r\u00e9cemment eu lieu \u00e0 Bruxelles. S\u2019il ne s\u2019agit que d\u2019une goutte d\u2019eau dans l\u2019oc\u00e9an, Fran\u00e7ois Delooz est persuad\u00e9 qu\u2019ensemble \u00ab\u00a0on peut soulever des montagnes.<\/em> <strong><a href=\"https:\/\/www.cathobel.be\/2019\/12\/10\/couloirs-humanitaires-santegidio-dresse-un-premier-bilan\/\" target=\"_blank\" rel=\"noopener\">Entretien (voir l&rsquo;article sur le site de Cathobel)<\/a>.<\/strong><\/h4>\n<p>Au cours des cinq derni\u00e8res ann\u00e9es, des milliers de migrants ayant fui leur pays en guerre sont arriv\u00e9s en Europe. Le \u00ab\u00a0vieux continent\u00a0\u00bb est confront\u00e9 \u00e0 une crise des\u00a0r\u00e9fugi\u00e9s\u00a0sans pr\u00e9c\u00e9dent. Mais on voit bien que la vieille Europe peine \u00e0 mettre sur les rails des politiques coh\u00e9rentes et humaines dans le domaine migratoire. Dans ce contexte, la mise en place de couloirs humanitaires peut \u00eatre une planche de salut. Ils contribuent \u00e0 all\u00e9ger la souffrance de millions de personnes d\u00e9sesp\u00e9r\u00e9es. Depuis leur mise en place et leur prise en charge financi\u00e8re par diff\u00e9rents cultes (gr\u00e2ce au soutien de donateurs priv\u00e9s), plus de 2.500\u00a0r\u00e9fugi\u00e9s\u00a0vuln\u00e9rables (Syriens, Erythr\u00e9ens, Afghans\u2026) ont \u00e9t\u00e9 accueillis en Italie, en France et en Belgique.<br \/>\nCes couloirs\u00a0humanitaires, exemple original de parrainage priv\u00e9 pour les migrants, sont n\u00e9s d\u2019un sentiment de r\u00e9volte face aux morts absurdes en mer, alors que les conditions d\u2019un acc\u00e8s l\u00e9gal des r\u00e9fugi\u00e9s au territoire europ\u00e9en existent. L\u2019objectif du visa humanitaire est d\u2019emp\u00eacher le trafic d\u2019\u00eatres humains. La s\u00e9lection se fait sur base de crit\u00e8res de vuln\u00e9rabilit\u00e9. Plusieurs associations prennent \u00e9galement en charge les formalit\u00e9s administratives. L\u2019initiative repose sur des accords \u00e9crits et sign\u00e9s par la Communaut\u00e9 de Sant\u2019Egidio avec d\u2019autres partenaires et des autorit\u00e9s publiques de pays europ\u00e9ens.<br \/>\nDeux ans apr\u00e8s le lancement de ces couloirs, Sant\u2019Egidio a pr\u00e9sent\u00e9, \u00e0 Bruxelles, une premi\u00e8re \u00e9valuation de son initiative en pr\u00e9sence des d\u00e9put\u00e9s europ\u00e9ens Laura Ferrara (Mouvement 5 \u00e9toiles, IT), Kris Peeters (EPP, B) et Philippe Lamberts (Verts\/ALE, B) et du DG Affaires int\u00e9rieures et Migration, Michael Shotter.<br \/>\nPour Cathobel, Fran\u00e7ois Delooz, responsable de la Communaut\u00e9 de Sant\u2019Egidio \u00e0 Li\u00e8ge, dresse un premier bilan de l\u2019op\u00e9ration.<\/p>\n<p><strong>Pouvez-vous rappeler l\u2019objectif de cette initiative europ\u00e9enne?<\/strong><\/p>\n<p>Le projet, financ\u00e9 par la Commission europ\u00e9enne, a \u00e9t\u00e9 port\u00e9 et mis en \u0153uvre par Sant\u2019Egidio, la Communaut\u00e9 pape Jean XXIII et les Sal\u00e9siens. En r\u00e9ponse \u00e0 la grande d\u00e9tresse des r\u00e9fugi\u00e9s confin\u00e9s dans des camps de fortune, nous voulons montrer que les couloirs humanitaires sont indispensables et devraient \u00eatre r\u00e9pliqu\u00e9es dans d\u2019autres pays. D\u2019autres pays pourraient suivre l\u2019exemple de l\u2019Italie, de la France,\u00a0d\u2019Andorre et de la Belgique en d\u00e9livrant des visas humanitaires. Il ne s\u2019agit pas d\u2019un visa Schengen: il est uniquement valable dans le pays qui d\u00e9livre le visa. Ce qui signifie que les r\u00e9fugi\u00e9s ne peuvent pas circuler dans les autres Etats-membres, ils sont accueillis dans un seul pays.<\/p>\n<p><strong>Quel est le r\u00f4le concret des \u00c9glises et des associations \u0153cum\u00e9niques participantes dans l\u2019accueil et l\u2019accompagnement?<\/strong><\/p>\n<p>Plusieurs organisations partenaires se chargent d\u2019accueillir les r\u00e9fugi\u00e9s qui seront int\u00e9gr\u00e9s dans la soci\u00e9t\u00e9. Le r\u00f4le des \u00c9glises et des associations implique aussi de nombreux partenaires non-confessionnels. Les couloirs humanitaires, cr\u00e9\u00e9s en Italie par Sant\u2019Egidio et les \u00c9glises \u00c9vang\u00e9liques italiennes, sont un projet \u0153cum\u00e9nique. En Belgique, le projet est port\u00e9 par Sant\u2019Egidio. Nous avons obtenu le soutien de tous les cultes reconnus. Nous travaillons ensemble, dans les pays de transit comme dans le pays d\u2019accueil. Chaque \u00c9glise mobilise son r\u00e9seau et de nombreuses communaut\u00e9s locales, paroisses, associations (confessionnelles ou non) sont investies dans le projet \u00e0 tous les niveaux.<\/p>\n<p><strong>Que sont devenus les Syriens accueillis dans notre pays?<\/strong><\/p>\n<p>150 Syriens ont \u00e9t\u00e9 accueillis en 2018 en Belgique. Il s\u2019agit notamment de personnes vuln\u00e9rables, malades, des familles avec des enfants en bas \u00e2ge, des chr\u00e9tiens mais aussi des personnes d\u2019autres religions. Les \u00e9v\u00eaques de Belgique s\u2019\u00e9taient engag\u00e9s \u00e0 prendre en charge cent personnes, soit environ dix personnes par dioc\u00e8se, r\u00e9parties au sud et au nord du pays. Caritas s\u2019est occup\u00e9 des aspects logistiques. Les autres cultes se sont occup\u00e9s des cinquante autres r\u00e9fugi\u00e9s. Sant\u2019Egidio a pris pour son compte quelques personnes \u00e0 Li\u00e8ge aussi.\u00a0Il est \u00e9vident que les demandes de personnes en d\u00e9tresse dans les camps sont nombreuses. Mais 150 personnes, ce sont 150 vies sauv\u00e9es, c\u2019est peu et beaucoup \u00e0 la fois\u00a0! Une goutte d\u2019eau dans l\u2019oc\u00e9an de la mis\u00e8re humaine, mais si on s\u2019y met tous ensemble, cela fait beaucoup\u00a0!<\/p>\n<p><strong>C\u2019est un vrai d\u00e9fi de r\u00e9ussir \u00e0 int\u00e9grer ces r\u00e9fugi\u00e9s dans la soci\u00e9t\u00e9?<\/strong><\/p>\n<p>Les personnes accueillies en Belgique ont toutes obtenu le statut de r\u00e9fugi\u00e9 ou b\u00e9n\u00e9ficient de la protection subsidiaire, une protection li\u00e9e \u00e0 l\u2019\u00e9tat de guerre du pays d\u2019origine. Ce statut leur donne le droit de percevoir des allocations familiales. Munies d\u2019un permis de travail, elles sont accompagn\u00e9es sur le march\u00e9 du travail et on essaie de leur trouver un job. Les enfants apprennent le fran\u00e7ais ou le n\u00e9erlandais. Cela va vite pour eux. Avec les adultes c\u2019est un peu plus difficile, mais ils sont motiv\u00e9s et bien encadr\u00e9s. En Flandre, certains ont trouv\u00e9 un travail, ce qui leur donne une perspective \u00e9videmment.<\/p>\n<p><strong>Etes-vous optimiste pour la suite?<\/strong><\/p>\n<p>Oui, la France vient de conclure un nouveau projet alors qu\u2019elle avait d\u00e9j\u00e0 accueilli 500 r\u00e9fugi\u00e9s pr\u00e9c\u00e9demment. En Allemagne et en Espagne, cela devrait aussi bouger dans le bon sens. En Belgique, c\u2019est le calme plat car le gouvernement f\u00e9d\u00e9ral est en affaires courantes.<br \/>\nAu niveau europ\u00e9en, la Commission souhaite une politique d\u2019accueil des migrants ambitieuse, mais concr\u00e8tement\u2026 on reste un peu sur sa faim. Il faudra juger sur pi\u00e8ces. Les eurod\u00e9put\u00e9s que nous avions convi\u00e9s ont dit clairement qu\u2019ils souhaitent voir se d\u00e9velopper les couloirs humanitaires dans d\u2019autres Etats-membres. Les bonnes intentions sont bien l\u00e0. Restent les actes! Il faut agir et vite.<\/p>\n<p>Au Parlement europ\u00e9en, une majorit\u00e9 des deux tiers soutient le \u00ab\u00a0package migration\u00a0\u00bb: ils veulent une Europe ouverte sur le monde. La Commission aussi semble vouloir aller dans ce sens. Elle dispose de budgets et pourrait financer de nouveaux couloirs humanitaires. Nous attendons maintenant que le Conseil se positionne. On esp\u00e8re que les r\u00e9fractaires ne domineront pas les d\u00e9bats et que les aspects humanitaires prendront le dessus.<\/p>\n<p><strong>Jacques HERMANS<\/strong><\/p>\n","protected":false},"excerpt":{"rendered":"<p>Port\u00e9 par la Communaut\u00e9 Sant\u2019Egidio, le dispositif de solidarit\u00e9 international se d\u00e9veloppe en Europe. Une premi\u00e8re \u00e9valuation des\u00a0couloirs humanitaires\u00a0a r\u00e9cemment eu lieu \u00e0 Bruxelles. S\u2019il ne s\u2019agit que d\u2019une goutte d\u2019eau dans l\u2019oc\u00e9an, Fran\u00e7ois Delooz est persuad\u00e9 qu\u2019ensemble \u00ab\u00a0on peut soulever des montagnes. Entretien (voir l&rsquo;article sur le site de Cathobel). Au cours des cinq [&hellip;]<\/p>\n","protected":false},"author":7,"featured_media":7802,"comment_status":"open","ping_status":"open","sticky":false,"template":"","format":"standard","meta":{"_acf_changed":false,"_et_pb_use_builder":"","_et_pb_old_content":"","_et_gb_content_width":"","footnotes":""},"categories":[67,59,20,60,61],"tags":[],"class_list":["post-10473","post","type-post","status-publish","format-standard","has-post-thumbnail","hentry","category-refugies","category-dialogue-interreligieux-fr","category-nieuws-fr","category-oecumenisme-fr","category-paix"],"acf":[],"_links":{"self":[{"href":"https:\/\/www.santegidio.be\/fr\/wp-json\/wp\/v2\/posts\/10473","targetHints":{"allow":["GET"]}}],"collection":[{"href":"https:\/\/www.santegidio.be\/fr\/wp-json\/wp\/v2\/posts"}],"about":[{"href":"https:\/\/www.santegidio.be\/fr\/wp-json\/wp\/v2\/types\/post"}],"author":[{"embeddable":true,"href":"https:\/\/www.santegidio.be\/fr\/wp-json\/wp\/v2\/users\/7"}],"replies":[{"embeddable":true,"href":"https:\/\/www.santegidio.be\/fr\/wp-json\/wp\/v2\/comments?post=10473"}],"version-history":[{"count":0,"href":"https:\/\/www.santegidio.be\/fr\/wp-json\/wp\/v2\/posts\/10473\/revisions"}],"wp:featuredmedia":[{"embeddable":true,"href":"https:\/\/www.santegidio.be\/fr\/wp-json\/wp\/v2\/media\/7802"}],"wp:attachment":[{"href":"https:\/\/www.santegidio.be\/fr\/wp-json\/wp\/v2\/media?parent=10473"}],"wp:term":[{"taxonomy":"category","embeddable":true,"href":"https:\/\/www.santegidio.be\/fr\/wp-json\/wp\/v2\/categories?post=10473"},{"taxonomy":"post_tag","embeddable":true,"href":"https:\/\/www.santegidio.be\/fr\/wp-json\/wp\/v2\/tags?post=10473"}],"curies":[{"name":"wp","href":"https:\/\/api.w.org\/{rel}","templated":true}]}}