{"id":23881,"date":"2023-06-22T19:39:01","date_gmt":"2023-06-22T17:39:01","guid":{"rendered":"https:\/\/www.santegidio.be\/?p=23881"},"modified":"2023-08-31T13:54:10","modified_gmt":"2023-08-31T11:54:10","slug":"aide-humanitaire-en-ukraine","status":"publish","type":"post","link":"https:\/\/www.santegidio.be\/fr\/aide-humanitaire-en-ukraine\/","title":{"rendered":"Aide humanitaire en Ukraine"},"content":{"rendered":"<p dir=\"ltr\">Sant&rsquo;Egidio a envoy\u00e9 cette semaine un camion d&rsquo;aide humanitaire de Belgique en Ukraine, avec l&rsquo;aide pr\u00e9cieuse d&rsquo;un g\u00e9n\u00e9reux m\u00e9c\u00e8ne. L\u2019aide sera distribu\u00e9e sur place \u00e0 des victimes et des personnes touch\u00e9es par la guerre par des membres de Sant\u2019Egidio en Ukraine.<\/p>\n<p dir=\"ltr\">Il est toujours possible de soutenir cette action par un don sur le compte BE03 7320 1530 9984 de Sant\u2019Egidio BXL Europe (avec d\u00e9duction fiscale).<\/p>\n","protected":false},"excerpt":{"rendered":"<p>Sant&rsquo;Egidio a envoy\u00e9 cette semaine un camion d&rsquo;aide humanitaire de Belgique en Ukraine, avec l&rsquo;aide pr\u00e9cieuse d&rsquo;un g\u00e9n\u00e9reux m\u00e9c\u00e8ne. L\u2019aide sera distribu\u00e9e sur place \u00e0 des victimes et des personnes touch\u00e9es par la guerre par des membres de Sant\u2019Egidio en Ukraine. Il est toujours possible de soutenir cette action par un don sur le compte [&hellip;]<\/p>\n","protected":false},"author":7,"featured_media":23852,"comment_status":"closed","ping_status":"open","sticky":false,"template":"","format":"standard","meta":{"_acf_changed":false,"_et_pb_use_builder":"","_et_pb_old_content":"","_et_gb_content_width":"","footnotes":""},"categories":[20,12],"tags":[],"class_list":["post-23881","post","type-post","status-publish","format-standard","has-post-thumbnail","hentry","category-nieuws-fr","category-non-classifiee"],"acf":[],"_links":{"self":[{"href":"https:\/\/www.santegidio.be\/fr\/wp-json\/wp\/v2\/posts\/23881","targetHints":{"allow":["GET"]}}],"collection":[{"href":"https:\/\/www.santegidio.be\/fr\/wp-json\/wp\/v2\/posts"}],"about":[{"href":"https:\/\/www.santegidio.be\/fr\/wp-json\/wp\/v2\/types\/post"}],"author":[{"embeddable":true,"href":"https:\/\/www.santegidio.be\/fr\/wp-json\/wp\/v2\/users\/7"}],"replies":[{"embeddable":true,"href":"https:\/\/www.santegidio.be\/fr\/wp-json\/wp\/v2\/comments?post=23881"}],"version-history":[{"count":0,"href":"https:\/\/www.santegidio.be\/fr\/wp-json\/wp\/v2\/posts\/23881\/revisions"}],"wp:featuredmedia":[{"embeddable":true,"href":"https:\/\/www.santegidio.be\/fr\/wp-json\/wp\/v2\/media\/23852"}],"wp:attachment":[{"href":"https:\/\/www.santegidio.be\/fr\/wp-json\/wp\/v2\/media?parent=23881"}],"wp:term":[{"taxonomy":"category","embeddable":true,"href":"https:\/\/www.santegidio.be\/fr\/wp-json\/wp\/v2\/categories?post=23881"},{"taxonomy":"post_tag","embeddable":true,"href":"https:\/\/www.santegidio.be\/fr\/wp-json\/wp\/v2\/tags?post=23881"}],"curies":[{"name":"wp","href":"https:\/\/api.w.org\/{rel}","templated":true}]}}