{"id":9527,"date":"2019-11-30T16:32:55","date_gmt":"2019-11-30T15:32:55","guid":{"rendered":"https:\/\/www.santegidio.be\/?p=9527"},"modified":"2020-03-17T12:13:30","modified_gmt":"2020-03-17T11:13:30","slug":"30-novembre-journee-villes-pour-la-vie-villes-contre-la-peine-de-mort","status":"publish","type":"post","link":"https:\/\/www.santegidio.be\/fr\/30-novembre-journee-villes-pour-la-vie-villes-contre-la-peine-de-mort\/","title":{"rendered":"30 novembre &#8211; Journ\u00e9e \u00ab\u00a0Villes pour la vie &#8211; villes contre la peine de mort\u00a0\u00bb"},"content":{"rendered":"<p>Le 30 novembre a lieu la journ\u00e9e \u00ab\u00a0Villes pour la vie, villes contre la peine de mort\u00a0\u00bb, organis\u00e9e par Sant&rsquo;Egidio dans le monde entier. Plus de 2.000 villes de tous les continents illumineront un b\u00e2timent d&rsquo;une mani\u00e8re particuli\u00e8re pour dire \u00ab\u00a0Non\u00a0\u00bb \u00e0 la peine de mort.<\/p>\n<p>En Belgique, les villes d\u2019Anvers, Bruges, Malines, Mouscron, Seraing et Ypres participent, notamment, \u00e0 l&rsquo;action.<\/p>\n<p>Le centre de l&rsquo;action se situe au Colis\u00e9e, \u00e0 Rome, o\u00f9 une sc\u00e9nographie digitale sur le th\u00e8me \u00ab\u00a0Defeating Hatred\u00a0\u00bb sera projet\u00e9e sur la fa\u00e7ade. <strong><a href=\"https:\/\/www.santegidio.org\/pageID\/30284\/langID\/fr\/itemID\/33360\/Le-30-novembre-%C3%A0-Rome-le-Colis%C3%A9e-sera-illumin%C3%A9-pour-dire-NON-%C3%A0-la-peine-de-mort-A-18H-EN-DIRECT.html\" target=\"_blank\" rel=\"noopener\">Plus d&rsquo;informations<\/a><\/strong><\/p>\n","protected":false},"excerpt":{"rendered":"<p>Le 30 novembre a lieu la journ\u00e9e \u00ab\u00a0Villes pour la vie, villes contre la peine de mort\u00a0\u00bb, organis\u00e9e par Sant&rsquo;Egidio dans le monde entier. Plus de 2.000 villes de tous les continents illumineront un b\u00e2timent d&rsquo;une mani\u00e8re particuli\u00e8re pour dire \u00ab\u00a0Non\u00a0\u00bb \u00e0 la peine de mort. En Belgique, les villes d\u2019Anvers, Bruges, Malines, Mouscron, Seraing [&hellip;]<\/p>\n","protected":false},"author":7,"featured_media":9528,"comment_status":"open","ping_status":"open","sticky":false,"template":"","format":"standard","meta":{"_acf_changed":false,"_et_pb_use_builder":"","_et_pb_old_content":"","_et_gb_content_width":"","footnotes":""},"categories":[20,61],"tags":[],"class_list":["post-9527","post","type-post","status-publish","format-standard","has-post-thumbnail","hentry","category-nieuws-fr","category-paix"],"acf":[],"_links":{"self":[{"href":"https:\/\/www.santegidio.be\/fr\/wp-json\/wp\/v2\/posts\/9527","targetHints":{"allow":["GET"]}}],"collection":[{"href":"https:\/\/www.santegidio.be\/fr\/wp-json\/wp\/v2\/posts"}],"about":[{"href":"https:\/\/www.santegidio.be\/fr\/wp-json\/wp\/v2\/types\/post"}],"author":[{"embeddable":true,"href":"https:\/\/www.santegidio.be\/fr\/wp-json\/wp\/v2\/users\/7"}],"replies":[{"embeddable":true,"href":"https:\/\/www.santegidio.be\/fr\/wp-json\/wp\/v2\/comments?post=9527"}],"version-history":[{"count":0,"href":"https:\/\/www.santegidio.be\/fr\/wp-json\/wp\/v2\/posts\/9527\/revisions"}],"wp:featuredmedia":[{"embeddable":true,"href":"https:\/\/www.santegidio.be\/fr\/wp-json\/wp\/v2\/media\/9528"}],"wp:attachment":[{"href":"https:\/\/www.santegidio.be\/fr\/wp-json\/wp\/v2\/media?parent=9527"}],"wp:term":[{"taxonomy":"category","embeddable":true,"href":"https:\/\/www.santegidio.be\/fr\/wp-json\/wp\/v2\/categories?post=9527"},{"taxonomy":"post_tag","embeddable":true,"href":"https:\/\/www.santegidio.be\/fr\/wp-json\/wp\/v2\/tags?post=9527"}],"curies":[{"name":"wp","href":"https:\/\/api.w.org\/{rel}","templated":true}]}}